{"id":610,"date":"2024-03-17T08:07:12","date_gmt":"2024-03-17T07:07:12","guid":{"rendered":"http:\/\/boks-meteo-lancrans.fr\/?p=610"},"modified":"2024-03-17T14:19:28","modified_gmt":"2024-03-17T13:19:28","slug":"la-constellation-du-bouvier","status":"publish","type":"post","link":"http:\/\/boks-meteo-lancrans.fr\/index.php\/2024\/03\/17\/la-constellation-du-bouvier\/","title":{"rendered":"La constellation du Bouvier"},"content":{"rendered":"\t\t<div data-elementor-type=\"wp-post\" data-elementor-id=\"610\" class=\"elementor elementor-610\">\n\t\t\t\t<div class=\"elementor-element elementor-element-2ca4993 e-flex e-con-boxed e-con e-parent\" data-id=\"2ca4993\" data-element_type=\"container\" data-e-type=\"container\">\n\t\t\t\t\t<div class=\"e-con-inner\">\n\t\t\t\t<div class=\"elementor-element elementor-element-d603d35 elementor-widget__width-initial elementor-widget elementor-widget-image\" data-id=\"d603d35\" data-element_type=\"widget\" data-e-type=\"widget\" data-widget_type=\"image.default\">\n\t\t\t\t<div class=\"elementor-widget-container\">\n\t\t\t\t\t\t\t\t\t\t\t\t\t\t\t<img decoding=\"async\" src=\"http:\/\/boks-meteo-lancrans.fr\/wp-content\/uploads\/2024\/02\/dessin_bouvier.gif\" title=\"dessin_bouvier\" alt=\"dessin_bouvier\" loading=\"lazy\" \/>\t\t\t\t\t\t\t\t\t\t\t\t\t\t\t<\/div>\n\t\t\t\t<\/div>\n\t\t\t\t\t<\/div>\n\t\t\t\t<\/div>\n\t\t<div class=\"elementor-element elementor-element-fc421d9 e-flex e-con-boxed e-con e-parent\" data-id=\"fc421d9\" data-element_type=\"container\" data-e-type=\"container\">\n\t\t\t\t\t<div class=\"e-con-inner\">\n\t\t\t\t<div class=\"elementor-element elementor-element-df571ba elementor-widget elementor-widget-text-editor\" data-id=\"df571ba\" data-element_type=\"widget\" data-e-type=\"widget\" data-widget_type=\"text-editor.default\">\n\t\t\t\t<div class=\"elementor-widget-container\">\n\t\t\t\t\t\t\t\t\t<h6>Cette constellation \u00e0 la forme d&rsquo;un losange tr\u00e8s \u00e9tir\u00e9 vers le bas. Un bel astre orang\u00e9 en marque la pointe inf\u00e9rieure. C&rsquo;est Arcturus, la quatri\u00e8me \u00e9toile la plus brillante du ciel. Le Bouvier est le conducteur de la Grande Ours, que les Romains assimilaient \u00e0 un chariot tir\u00e9 par sept b\u0153ufs (septem triones, d&rsquo;o\u00f9 vient le terme septentrion, synonyme de nord). Il est second\u00e9 par deux molosses qui aboient sous la queue de l&rsquo;Ourse : la petite constellation des chiens de chasse.<\/h6>\t\t\t\t\t\t\t\t<\/div>\n\t\t\t\t<\/div>\n\t\t\t\t\t<\/div>\n\t\t\t\t<\/div>\n\t\t<div class=\"elementor-element elementor-element-7ec3e4c e-flex e-con-boxed e-con e-parent\" data-id=\"7ec3e4c\" data-element_type=\"container\" data-e-type=\"container\">\n\t\t\t\t\t<div class=\"e-con-inner\">\n\t\t\t\t<div class=\"elementor-element elementor-element-4778e9c elementor-widget elementor-widget-heading\" data-id=\"4778e9c\" data-element_type=\"widget\" data-e-type=\"widget\" data-widget_type=\"heading.default\">\n\t\t\t\t<div class=\"elementor-widget-container\">\n\t\t\t\t\t<h2 class=\"elementor-heading-title elementor-size-default\">Les \u00e9toiles principales de la constellation du Bouvier<\/h2>\t\t\t\t<\/div>\n\t\t\t\t<\/div>\n\t\t\t\t\t<\/div>\n\t\t\t\t<\/div>\n\t\t<div class=\"elementor-element elementor-element-36361fb e-con-full e-flex e-con e-parent\" data-id=\"36361fb\" data-element_type=\"container\" data-e-type=\"container\">\n\t\t\t\t<div class=\"elementor-element elementor-element-6c88ba8 elementor-widget__width-initial elementor-widget elementor-widget-image\" data-id=\"6c88ba8\" data-element_type=\"widget\" data-e-type=\"widget\" data-widget_type=\"image.default\">\n\t\t\t\t<div class=\"elementor-widget-container\">\n\t\t\t\t\t\t\t\t\t\t\t\t\t\t\t<img decoding=\"async\" src=\"http:\/\/boks-meteo-lancrans.fr\/wp-content\/uploads\/2024\/02\/Le-bouvier-2.jpg\" title=\"Le bouvier 2\" alt=\"Le bouvier 2\" loading=\"lazy\" \/>\t\t\t\t\t\t\t\t\t\t\t\t\t\t\t<\/div>\n\t\t\t\t<\/div>\n\t\t\t\t<\/div>\n\t\t<div class=\"elementor-element elementor-element-fb9a758 e-flex e-con-boxed e-con e-parent\" data-id=\"fb9a758\" data-element_type=\"container\" data-e-type=\"container\">\n\t\t\t\t\t<div class=\"e-con-inner\">\n\t\t\t\t<div class=\"elementor-element elementor-element-1756677 elementor-widget elementor-widget-text-editor\" data-id=\"1756677\" data-element_type=\"widget\" data-e-type=\"widget\" data-widget_type=\"text-editor.default\">\n\t\t\t\t<div class=\"elementor-widget-container\">\n\t\t\t\t\t\t\t\t\t<ol><li>Nekkar : <strong>225 ann\u00e9es lumi\u00e8re\u00a0 &#8211;\u00a0 <\/strong>Magnitude apparente\u00a0:\u00a0<strong>+3,49\u00a0 &#8211;\u00a0 <\/strong>Masse\u00a0:\u00a0<strong>3,4\u00a0<\/strong><strong>M<sub>\u2609<\/sub><\/strong><\/li><li>Seginus : Distance\u00a0:\u00a0<strong>87 ann\u00e9es lumi\u00e8re\u00a0 &#8211;\u00a0 <\/strong>Magnitude apparente\u00a0:\u00a0<strong>+3,04\u00a0 &#8211;\u00a0 <\/strong>Masse\u00a0:\u00a0<strong>2,5\u00a0<\/strong><strong>M<sub>\u2609<\/sub><\/strong><\/li><li>Izar : Distance\u00a0:\u00a0<strong>210 ann\u00e9es lumi\u00e8re\u00a0 &#8211;\u00a0 <\/strong>Magnitude apparente :\u00a0<strong>2.39\u00a0 &#8211;\u00a0 <\/strong>Masse\u00a0:\u00a0<strong>4\/2 <\/strong><strong>M<sub>\u2609<\/sub><\/strong><\/li><li>Muphrid : Distance\u00a0:\u00a0<strong>210 ann\u00e9es lumi\u00e8re\u00a0 &#8211;\u00a0 <\/strong>Magnitude apparente :\u00a0<strong>2.68\u00a0 &#8211;\u00a0 <\/strong>Masse\u00a0:\u00a0<strong>1.72 <\/strong><strong>M<sub>\u2609<\/sub><\/strong><\/li><li>Arcturus : Distance : 3<strong>7,6 ann\u00e9es lumi\u00e8re du soleil &#8211;\u00a0 <\/strong>Magnitude apparente : &#8211;<strong>0.05\u00a0 &#8211;\u00a0 <\/strong>Masse\u00a0:\u00a0<strong>1.08 <\/strong><strong>M<sub>\u2609<\/sub><\/strong><\/li><\/ol>\t\t\t\t\t\t\t\t<\/div>\n\t\t\t\t<\/div>\n\t\t\t\t\t<\/div>\n\t\t\t\t<\/div>\n\t\t\t\t<\/div>\n\t\t","protected":false},"excerpt":{"rendered":"<p>Cette constellation \u00e0 la forme d&rsquo;un losange tr\u00e8s \u00e9tir\u00e9 vers le bas. Un bel astre orang\u00e9 en marque la pointe inf\u00e9rieure. C&rsquo;est Arcturus, la quatri\u00e8me &hellip; <\/p>\n","protected":false},"author":1,"featured_media":0,"comment_status":"closed","ping_status":"closed","sticky":false,"template":"","format":"standard","meta":{"footnotes":""},"categories":[7],"tags":[],"class_list":["post-610","post","type-post","status-publish","format-standard","hentry","category-les-constellations"],"_links":{"self":[{"href":"http:\/\/boks-meteo-lancrans.fr\/index.php\/wp-json\/wp\/v2\/posts\/610","targetHints":{"allow":["GET"]}}],"collection":[{"href":"http:\/\/boks-meteo-lancrans.fr\/index.php\/wp-json\/wp\/v2\/posts"}],"about":[{"href":"http:\/\/boks-meteo-lancrans.fr\/index.php\/wp-json\/wp\/v2\/types\/post"}],"author":[{"embeddable":true,"href":"http:\/\/boks-meteo-lancrans.fr\/index.php\/wp-json\/wp\/v2\/users\/1"}],"replies":[{"embeddable":true,"href":"http:\/\/boks-meteo-lancrans.fr\/index.php\/wp-json\/wp\/v2\/comments?post=610"}],"version-history":[{"count":31,"href":"http:\/\/boks-meteo-lancrans.fr\/index.php\/wp-json\/wp\/v2\/posts\/610\/revisions"}],"predecessor-version":[{"id":848,"href":"http:\/\/boks-meteo-lancrans.fr\/index.php\/wp-json\/wp\/v2\/posts\/610\/revisions\/848"}],"wp:attachment":[{"href":"http:\/\/boks-meteo-lancrans.fr\/index.php\/wp-json\/wp\/v2\/media?parent=610"}],"wp:term":[{"taxonomy":"category","embeddable":true,"href":"http:\/\/boks-meteo-lancrans.fr\/index.php\/wp-json\/wp\/v2\/categories?post=610"},{"taxonomy":"post_tag","embeddable":true,"href":"http:\/\/boks-meteo-lancrans.fr\/index.php\/wp-json\/wp\/v2\/tags?post=610"}],"curies":[{"name":"wp","href":"https:\/\/api.w.org\/{rel}","templated":true}]}}