{"id":3737,"date":"2025-02-17T19:11:46","date_gmt":"2025-02-17T18:11:46","guid":{"rendered":"http:\/\/boks-meteo-lancrans.fr\/?p=3737"},"modified":"2025-02-19T09:12:34","modified_gmt":"2025-02-19T08:12:34","slug":"ic-434-nebuleuse-dite-tete-de-cheval","status":"publish","type":"post","link":"http:\/\/boks-meteo-lancrans.fr\/index.php\/2025\/02\/17\/ic-434-nebuleuse-dite-tete-de-cheval\/","title":{"rendered":"IC 434 &#8211; N\u00e9buleuse dite \u00ab\u00a0T\u00eate de cheval\u00a0\u00bb"},"content":{"rendered":"\t\t<div data-elementor-type=\"wp-post\" data-elementor-id=\"3737\" class=\"elementor elementor-3737\">\n\t\t\t\t<div class=\"elementor-element elementor-element-7615d47 e-flex e-con-boxed e-con e-parent\" data-id=\"7615d47\" data-element_type=\"container\" data-e-type=\"container\">\n\t\t\t\t\t<div class=\"e-con-inner\">\n\t\t<div class=\"elementor-element elementor-element-8182600 e-con-full e-flex e-con e-child\" data-id=\"8182600\" data-element_type=\"container\" data-e-type=\"container\">\n\t\t\t\t<div class=\"elementor-element elementor-element-eb0e498 elementor-widget elementor-widget-image\" data-id=\"eb0e498\" data-element_type=\"widget\" data-e-type=\"widget\" data-widget_type=\"image.default\">\n\t\t\t\t<div class=\"elementor-widget-container\">\n\t\t\t\t\t\t\t\t\t\t\t\t\t\t\t<img fetchpriority=\"high\" decoding=\"async\" width=\"581\" height=\"425\" src=\"http:\/\/boks-meteo-lancrans.fr\/wp-content\/uploads\/2025\/02\/IC-434-16_02_25-18mn-mod-rotated.jpg\" class=\"attachment-large size-large wp-image-3740\" alt=\"\" srcset=\"http:\/\/boks-meteo-lancrans.fr\/wp-content\/uploads\/2025\/02\/IC-434-16_02_25-18mn-mod-rotated.jpg 581w, http:\/\/boks-meteo-lancrans.fr\/wp-content\/uploads\/2025\/02\/IC-434-16_02_25-18mn-mod-300x219.jpg 300w\" sizes=\"(max-width: 581px) 100vw, 581px\" \/>\t\t\t\t\t\t\t\t\t\t\t\t\t\t\t<\/div>\n\t\t\t\t<\/div>\n\t\t\t\t<\/div>\n\t\t<div class=\"elementor-element elementor-element-c4e4626 e-con-full e-flex e-con e-child\" data-id=\"c4e4626\" data-element_type=\"container\" data-e-type=\"container\">\n\t\t\t\t<div class=\"elementor-element elementor-element-45c19e2 elementor-widget elementor-widget-text-editor\" data-id=\"45c19e2\" data-element_type=\"widget\" data-e-type=\"widget\" data-widget_type=\"text-editor.default\">\n\t\t\t\t<div class=\"elementor-widget-container\">\n\t\t\t\t\t\t\t\t\t<p>La\u00a0n\u00e9buleuse de la T\u00eate de Cheval, officiellement connue sous le nom de\u00a0Barnard 33\u00a0(IC 434\u00a0d\u00e9signe la\u00a0n\u00e9buleuse \u00e9missive\u00a0\u00e0 l&rsquo;arri\u00e8re-plan), est une\u00a0n\u00e9buleuse obscure\u00a0dans la\u00a0constellation d&rsquo;Orion. La\u00a0n\u00e9buleuse\u00a0est situ\u00e9e juste en dessous d&rsquo;Alnitak\u00a0(\u03b6 Ori), l&rsquo;\u00e9toile la plus \u00e0 l&rsquo;est de la\u00a0ceinture d&rsquo;Orion.<\/p>\t\t\t\t\t\t\t\t<\/div>\n\t\t\t\t<\/div>\n\t\t\t\t<\/div>\n\t\t\t\t\t<\/div>\n\t\t\t\t<\/div>\n\t\t<div class=\"elementor-element elementor-element-63b068d e-flex e-con-boxed e-con e-parent\" data-id=\"63b068d\" data-element_type=\"container\" data-e-type=\"container\">\n\t\t\t\t\t<div class=\"e-con-inner\">\n\t\t<div class=\"elementor-element elementor-element-e5b13fd e-con-full e-flex e-con e-child\" data-id=\"e5b13fd\" data-element_type=\"container\" data-e-type=\"container\">\n\t\t\t\t<div class=\"elementor-element elementor-element-71c699f elementor-widget elementor-widget-heading\" data-id=\"71c699f\" data-element_type=\"widget\" data-e-type=\"widget\" data-widget_type=\"heading.default\">\n\t\t\t\t<div class=\"elementor-widget-container\">\n\t\t\t\t\t<h2 class=\"elementor-heading-title elementor-size-default\">La Constellation d'Orion<\/h2>\t\t\t\t<\/div>\n\t\t\t\t<\/div>\n\t\t\t\t<div class=\"elementor-element elementor-element-7f910b4 elementor-widget elementor-widget-text-editor\" data-id=\"7f910b4\" data-element_type=\"widget\" data-e-type=\"widget\" data-widget_type=\"text-editor.default\">\n\t\t\t\t<div class=\"elementor-widget-container\">\n\t\t\t\t\t\t\t\t\t<p>Orion est l\u2019une des constellations les plus connues : la plus ancienne repr\u00e9sentation li\u00e9e \u00e0 cette constellation remonte \u00e0 38 000 ans. Le motif de la constellation d\u2019Orion a \u00e9t\u00e9 reconnu comme une figure humaine par de nombreuses cultures anciennes dans le monde entier.<\/p>\t\t\t\t\t\t\t\t<\/div>\n\t\t\t\t<\/div>\n\t\t\t\t<\/div>\n\t\t<div class=\"elementor-element elementor-element-1216ab2 e-con-full e-flex e-con e-child\" data-id=\"1216ab2\" data-element_type=\"container\" data-e-type=\"container\">\n\t\t\t\t<div class=\"elementor-element elementor-element-00f1a70 elementor-widget elementor-widget-image\" data-id=\"00f1a70\" data-element_type=\"widget\" data-e-type=\"widget\" data-widget_type=\"image.default\">\n\t\t\t\t<div class=\"elementor-widget-container\">\n\t\t\t\t\t\t\t\t\t\t\t\t\t\t\t<img decoding=\"async\" width=\"278\" height=\"287\" src=\"http:\/\/boks-meteo-lancrans.fr\/wp-content\/uploads\/2025\/02\/Constellation-dOrion.jpg\" class=\"attachment-large size-large wp-image-3744\" alt=\"\" \/>\t\t\t\t\t\t\t\t\t\t\t\t\t\t\t<\/div>\n\t\t\t\t<\/div>\n\t\t\t\t<\/div>\n\t\t\t\t\t<\/div>\n\t\t\t\t<\/div>\n\t\t<div class=\"elementor-element elementor-element-bbc1124 e-flex e-con-boxed e-con e-parent\" data-id=\"bbc1124\" data-element_type=\"container\" data-e-type=\"container\">\n\t\t\t\t\t<div class=\"e-con-inner\">\n\t\t\t\t<div class=\"elementor-element elementor-element-80c171d elementor-widget elementor-widget-heading\" data-id=\"80c171d\" data-element_type=\"widget\" data-e-type=\"widget\" data-widget_type=\"heading.default\">\n\t\t\t\t<div class=\"elementor-widget-container\">\n\t\t\t\t\t<h2 class=\"elementor-heading-title elementor-size-default\">Observation<\/h2>\t\t\t\t<\/div>\n\t\t\t\t<\/div>\n\t\t\t\t<div class=\"elementor-element elementor-element-d62bc53 elementor-widget elementor-widget-text-editor\" data-id=\"d62bc53\" data-element_type=\"widget\" data-e-type=\"widget\" data-widget_type=\"text-editor.default\">\n\t\t\t\t<div class=\"elementor-widget-container\">\n\t\t\t\t\t\t\t\t\t<p>Orion est situ\u00e9 sur l\u2019\u00e9quateur c\u00e9leste et est visible dans le monde entier. Les observateurs de l\u2019h\u00e9misph\u00e8re nord peuvent la voir dans le ciel du sud-ouest.<\/p><p>Orion est\u00a0l\u2019une des constellations les plus reconnaissables\u00a0car elle pr\u00e9sente une caract\u00e9ristique pro\u00e9minente qui peut \u00eatre facilement vue de n\u2019importe o\u00f9 dans le monde. Il s\u2019agit bien s\u00fbr de l\u2019ast\u00e9risme\u00a0<strong>Ceinture d\u2019Orion<\/strong>\u00a0\u2013 une ligne de trois \u00e9toiles marquant la taille du Chasseur. Une fois que vous l\u2019aurez rep\u00e9r\u00e9e, vous pourrez facilement trouver le reste des \u00e9toiles qui forment la figure d\u2019Orion<\/p>\t\t\t\t\t\t\t\t<\/div>\n\t\t\t\t<\/div>\n\t\t\t\t\t<\/div>\n\t\t\t\t<\/div>\n\t\t<div class=\"elementor-element elementor-element-83281c9 e-flex e-con-boxed e-con e-parent\" data-id=\"83281c9\" data-element_type=\"container\" data-e-type=\"container\">\n\t\t\t\t\t<div class=\"e-con-inner\">\n\t\t<div class=\"elementor-element elementor-element-9c5f544 e-con-full e-flex e-con e-child\" data-id=\"9c5f544\" data-element_type=\"container\" data-e-type=\"container\">\n\t\t\t\t<div class=\"elementor-element elementor-element-0fb44a7 elementor-widget elementor-widget-heading\" data-id=\"0fb44a7\" data-element_type=\"widget\" data-e-type=\"widget\" data-widget_type=\"heading.default\">\n\t\t\t\t<div class=\"elementor-widget-container\">\n\t\t\t\t\t<h2 class=\"elementor-heading-title elementor-size-default\">Photo r\u00e9alis\u00e9e dans la nuit du 16 f\u00e9vrier 2025.\nTemps : 41 mn, pose 10s<\/h2>\t\t\t\t<\/div>\n\t\t\t\t<\/div>\n\t\t\t\t<div class=\"elementor-element elementor-element-ef592ad elementor-widget elementor-widget-image\" data-id=\"ef592ad\" data-element_type=\"widget\" data-e-type=\"widget\" data-widget_type=\"image.default\">\n\t\t\t\t<div class=\"elementor-widget-container\">\n\t\t\t\t\t\t\t\t\t\t\t\t\t\t\t<img fetchpriority=\"high\" decoding=\"async\" width=\"581\" height=\"425\" src=\"http:\/\/boks-meteo-lancrans.fr\/wp-content\/uploads\/2025\/02\/IC-434-16_02_25-18mn-mod-rotated.jpg\" class=\"attachment-large size-large wp-image-3740\" alt=\"\" srcset=\"http:\/\/boks-meteo-lancrans.fr\/wp-content\/uploads\/2025\/02\/IC-434-16_02_25-18mn-mod-rotated.jpg 581w, http:\/\/boks-meteo-lancrans.fr\/wp-content\/uploads\/2025\/02\/IC-434-16_02_25-18mn-mod-300x219.jpg 300w\" sizes=\"(max-width: 581px) 100vw, 581px\" \/>\t\t\t\t\t\t\t\t\t\t\t\t\t\t\t<\/div>\n\t\t\t\t<\/div>\n\t\t\t\t<\/div>\n\t\t<div class=\"elementor-element elementor-element-fe8ecfc e-con-full e-flex e-con e-child\" data-id=\"fe8ecfc\" data-element_type=\"container\" data-e-type=\"container\">\n\t\t\t\t<div class=\"elementor-element elementor-element-22652f3 elementor-widget elementor-widget-heading\" data-id=\"22652f3\" data-element_type=\"widget\" data-e-type=\"widget\" data-widget_type=\"heading.default\">\n\t\t\t\t<div class=\"elementor-widget-container\">\n\t\t\t\t\t<h2 class=\"elementor-heading-title elementor-size-default\">Photo r\u00e9alis\u00e9e dans la nuit du 17 f\u00e9vrier 2025.\nTemps : 36 mn, pose 10s<\/h2>\t\t\t\t<\/div>\n\t\t\t\t<\/div>\n\t\t\t\t<div class=\"elementor-element elementor-element-931e85d elementor-widget elementor-widget-image\" data-id=\"931e85d\" data-element_type=\"widget\" data-e-type=\"widget\" data-widget_type=\"image.default\">\n\t\t\t\t<div class=\"elementor-widget-container\">\n\t\t\t\t\t\t\t\t\t\t\t\t<figure class=\"wp-caption\">\n\t\t\t\t\t\t\t\t\t\t<img decoding=\"async\" width=\"596\" height=\"370\" src=\"http:\/\/boks-meteo-lancrans.fr\/wp-content\/uploads\/2025\/02\/IC434-02-18-2025-rotated.jpg\" class=\"attachment-large size-large wp-image-3779\" alt=\"\" srcset=\"http:\/\/boks-meteo-lancrans.fr\/wp-content\/uploads\/2025\/02\/IC434-02-18-2025-rotated.jpg 596w, http:\/\/boks-meteo-lancrans.fr\/wp-content\/uploads\/2025\/02\/IC434-02-18-2025-300x186.jpg 300w\" sizes=\"(max-width: 596px) 100vw, 596px\" \/>\t\t\t\t\t\t\t\t\t\t\t<figcaption class=\"widget-image-caption wp-caption-text\">Sur cette photo, on peut voir dans le coin gauche en bas une partie de la n\u00e9buleuse de la flamme (NGC 2024). La photo est pollu\u00e9e par le passage d'un satellite.<\/figcaption>\n\t\t\t\t\t\t\t\t\t\t<\/figure>\n\t\t\t\t\t\t\t\t\t<\/div>\n\t\t\t\t<\/div>\n\t\t\t\t<\/div>\n\t\t\t\t\t<\/div>\n\t\t\t\t<\/div>\n\t\t\t\t<\/div>\n\t\t","protected":false},"excerpt":{"rendered":"<p>La\u00a0n\u00e9buleuse de la T\u00eate de Cheval, officiellement connue sous le nom de\u00a0Barnard 33\u00a0(IC 434\u00a0d\u00e9signe la\u00a0n\u00e9buleuse \u00e9missive\u00a0\u00e0 l&rsquo;arri\u00e8re-plan), est une\u00a0n\u00e9buleuse obscure\u00a0dans la\u00a0constellation d&rsquo;Orion. La\u00a0n\u00e9buleuse\u00a0est situ\u00e9e juste &hellip; <\/p>\n","protected":false},"author":1,"featured_media":0,"comment_status":"closed","ping_status":"closed","sticky":false,"template":"","format":"standard","meta":{"footnotes":""},"categories":[12],"tags":[],"class_list":["post-3737","post","type-post","status-publish","format-standard","hentry","category-nebuleuse"],"_links":{"self":[{"href":"http:\/\/boks-meteo-lancrans.fr\/index.php\/wp-json\/wp\/v2\/posts\/3737","targetHints":{"allow":["GET"]}}],"collection":[{"href":"http:\/\/boks-meteo-lancrans.fr\/index.php\/wp-json\/wp\/v2\/posts"}],"about":[{"href":"http:\/\/boks-meteo-lancrans.fr\/index.php\/wp-json\/wp\/v2\/types\/post"}],"author":[{"embeddable":true,"href":"http:\/\/boks-meteo-lancrans.fr\/index.php\/wp-json\/wp\/v2\/users\/1"}],"replies":[{"embeddable":true,"href":"http:\/\/boks-meteo-lancrans.fr\/index.php\/wp-json\/wp\/v2\/comments?post=3737"}],"version-history":[{"count":25,"href":"http:\/\/boks-meteo-lancrans.fr\/index.php\/wp-json\/wp\/v2\/posts\/3737\/revisions"}],"predecessor-version":[{"id":3782,"href":"http:\/\/boks-meteo-lancrans.fr\/index.php\/wp-json\/wp\/v2\/posts\/3737\/revisions\/3782"}],"wp:attachment":[{"href":"http:\/\/boks-meteo-lancrans.fr\/index.php\/wp-json\/wp\/v2\/media?parent=3737"}],"wp:term":[{"taxonomy":"category","embeddable":true,"href":"http:\/\/boks-meteo-lancrans.fr\/index.php\/wp-json\/wp\/v2\/categories?post=3737"},{"taxonomy":"post_tag","embeddable":true,"href":"http:\/\/boks-meteo-lancrans.fr\/index.php\/wp-json\/wp\/v2\/tags?post=3737"}],"curies":[{"name":"wp","href":"https:\/\/api.w.org\/{rel}","templated":true}]}}